{"id":1096,"date":"2017-01-01T19:36:21","date_gmt":"2017-01-01T17:36:21","guid":{"rendered":"http:\/\/www.foto.lamker.de\/?p=1096"},"modified":"2017-01-01T19:36:21","modified_gmt":"2017-01-01T17:36:21","slug":"frohes-neues-jahr","status":"publish","type":"post","link":"http:\/\/www.foto.lamker.de\/?p=1096","title":{"rendered":"Frohes neues Jahr!"},"content":{"rendered":"<figure id=\"attachment_1097\" aria-describedby=\"caption-attachment-1097\" style=\"width: 640px\" class=\"wp-caption aligncenter\"><a href=\"http:\/\/www.foto.lamker.de\/wp-content\/uploads\/2017\/01\/Xmas2016_1_2.jpg\"><img loading=\"lazy\" decoding=\"async\" class=\"size-medium wp-image-1097\" src=\"http:\/\/www.foto.lamker.de\/wp-content\/uploads\/2017\/01\/Xmas2016_1_2-640x453.jpg\" alt=\"Frohes neues Jahr 2017\" width=\"640\" height=\"453\" srcset=\"http:\/\/www.foto.lamker.de\/wp-content\/uploads\/2017\/01\/Xmas2016_1_2-640x453.jpg 640w, http:\/\/www.foto.lamker.de\/wp-content\/uploads\/2017\/01\/Xmas2016_1_2-141x100.jpg 141w, http:\/\/www.foto.lamker.de\/wp-content\/uploads\/2017\/01\/Xmas2016_1_2-768x543.jpg 768w, http:\/\/www.foto.lamker.de\/wp-content\/uploads\/2017\/01\/Xmas2016_1_2-1200x849.jpg 1200w\" sizes=\"auto, (max-width: 640px) 100vw, 640px\" \/><\/a><figcaption id=\"caption-attachment-1097\" class=\"wp-caption-text\">Frohes neues Jahr 2017<\/figcaption><\/figure>\n<p>Frohes neues Jahr und alles Gute f\u00fcr das neue Jahr 2017!<\/p>\n<p>Pers\u00f6nlich und fotografisch w\u00fcnsche ich allen viele neue Perspektiven, spannende Erlebnisse und gute Ergebnisse in den kommenden 12 Monaten.<\/p>\n","protected":false},"excerpt":{"rendered":"<p>Frohes neues Jahr und alles Gute f\u00fcr das neue Jahr 2017! Pers\u00f6nlich und fotografisch w\u00fcnsche ich allen viele neue Perspektiven, spannende Erlebnisse und gute Ergebnisse in den kommenden 12 Monaten.<\/p>\n","protected":false},"author":1,"featured_media":0,"comment_status":"open","ping_status":"open","sticky":false,"template":"","format":"standard","meta":{"footnotes":""},"categories":[1],"tags":[54,61],"class_list":["post-1096","post","type-post","status-publish","format-standard","hentry","category-allgemein","tag-ankundigung","tag-fotos"],"_links":{"self":[{"href":"http:\/\/www.foto.lamker.de\/index.php?rest_route=\/wp\/v2\/posts\/1096","targetHints":{"allow":["GET"]}}],"collection":[{"href":"http:\/\/www.foto.lamker.de\/index.php?rest_route=\/wp\/v2\/posts"}],"about":[{"href":"http:\/\/www.foto.lamker.de\/index.php?rest_route=\/wp\/v2\/types\/post"}],"author":[{"embeddable":true,"href":"http:\/\/www.foto.lamker.de\/index.php?rest_route=\/wp\/v2\/users\/1"}],"replies":[{"embeddable":true,"href":"http:\/\/www.foto.lamker.de\/index.php?rest_route=%2Fwp%2Fv2%2Fcomments&post=1096"}],"version-history":[{"count":2,"href":"http:\/\/www.foto.lamker.de\/index.php?rest_route=\/wp\/v2\/posts\/1096\/revisions"}],"predecessor-version":[{"id":1099,"href":"http:\/\/www.foto.lamker.de\/index.php?rest_route=\/wp\/v2\/posts\/1096\/revisions\/1099"}],"wp:attachment":[{"href":"http:\/\/www.foto.lamker.de\/index.php?rest_route=%2Fwp%2Fv2%2Fmedia&parent=1096"}],"wp:term":[{"taxonomy":"category","embeddable":true,"href":"http:\/\/www.foto.lamker.de\/index.php?rest_route=%2Fwp%2Fv2%2Fcategories&post=1096"},{"taxonomy":"post_tag","embeddable":true,"href":"http:\/\/www.foto.lamker.de\/index.php?rest_route=%2Fwp%2Fv2%2Ftags&post=1096"}],"curies":[{"name":"wp","href":"https:\/\/api.w.org\/{rel}","templated":true}]}}