{"id":232,"date":"2010-09-12T17:22:41","date_gmt":"2010-09-12T15:22:41","guid":{"rendered":"http:\/\/www.foto.lamker.de\/?p=232"},"modified":"2010-09-12T17:23:38","modified_gmt":"2010-09-12T15:23:38","slug":"was-bringt-die-photokina","status":"publish","type":"post","link":"http:\/\/www.foto.lamker.de\/?p=232","title":{"rendered":"Was bringt die Photokina?"},"content":{"rendered":"<p>Klar ist seit wenigen Tagen, dass es von Pentax zur Photokina im DSLR-Segment eine neue <strong>K-r<\/strong> sowie ein <strong>smc-DA 2.4\/35 AL<\/strong> geben wird. Im Kompaktkamera-Segment kommen <strong>Optio RZ 10<\/strong> und<strong> Optio RS 1000<\/strong> hinzu.<\/p>\n<figure id=\"attachment_233\" aria-describedby=\"caption-attachment-233\" style=\"width: 500px\" class=\"wp-caption aligncenter\"><a rel=\"attachment wp-att-233\" href=\"http:\/\/www.foto.lamker.de\/?attachment_id=233\"><img loading=\"lazy\" decoding=\"async\" class=\"size-medium wp-image-233\" title=\"Pentax K-r\" src=\"http:\/\/www.foto.lamker.de\/wp-content\/uploads\/2010\/09\/K-r_4colors_1600px-500x223.jpg\" alt=\"Pentax K-r\" width=\"500\" height=\"223\" srcset=\"http:\/\/www.foto.lamker.de\/wp-content\/uploads\/2010\/09\/K-r_4colors_1600px-500x223.jpg 500w, http:\/\/www.foto.lamker.de\/wp-content\/uploads\/2010\/09\/K-r_4colors_1600px-150x67.jpg 150w, http:\/\/www.foto.lamker.de\/wp-content\/uploads\/2010\/09\/K-r_4colors_1600px-1024x458.jpg 1024w, http:\/\/www.foto.lamker.de\/wp-content\/uploads\/2010\/09\/K-r_4colors_1600px.jpg 1600w\" sizes=\"auto, (max-width: 500px) 100vw, 500px\" \/><\/a><figcaption id=\"caption-attachment-233\" class=\"wp-caption-text\">Pentax K-r<\/figcaption><\/figure>\n<p>Die K-r soll oberhalb des Einsteigerbereichs die L\u00fccke zur K-7 schlie\u00dfen und wurde mit einem 12,4 Zoll CMOS-Sensor augestattet. Gegen\u00fcber der K-x vor allem bedeutend sind der ISO-Bereich bis zu 25.600 sowie die Serienbildgeschwindigkeit von max. 6 Bildern\/sek. Neu entwickelt wurde der Autofokus, der nun den Namen SAFOX IX+ tr\u00e4gt und mit seinen elf Messpunkten in der Geschwindigkeit deutliche Fortschritte gegen\u00fcber den Vorg\u00e4ngermodellen bringen soll.<\/p>\n<p>Ein besonderes Highlight ist die duale Stromversorgung. Die Kamera kann dabei ihren Strom sowohl aus vier Mignon-Akkus wie auch aus einem Lithium-Ionen-Akku erhalten. Mit einem Preis von 819 Euro (UVP) soll die Kamera in die L\u00e4den kommen.<\/p>\n<p><strong>Details zur K-r:<\/strong><br \/>\n<a href=\"http:\/\/www.pentax.de\/de\/digitale-spiegelreflexkameras\/PENTAX-Kr.html\" target=\"_blank\">www.pentax.de\/de\/digitale-spiegelreflexkameras\/PENTAX-Kr.html<\/a><\/p>\n<p>Das DA 35 erscheint von seinen technischen Daten wenig spektakul\u00e4r, bietet aber mit einem Marktpreis von ca. 200 Euro einen sehr attraktiven Einstieg in das Fotografieren mit Festbrennweiten und liegt damit deutlich unter dem DA 2.8\/35 Macro Limited, das bisher in diesem Brennweitenbereich angeboten wird. Nach dem FA 2.0\/35, das sich bei seinen Besitzern nach wie vor gro\u00dfer Beliebtheit erfreut, gibt es damit wieder eine g\u00fcnstige Festbrennweite mit 35mm Brennweite.<\/p>\n<p><strong>Details zum DA 35:<\/strong><br \/>\n<a href=\"http:\/\/www.pentax.de\/de\/system-digital---standard\/DA35mm-2-4.html\" target=\"_blank\">www.pentax.de\/de\/system-digital&#8212;standard\/DA35mm-2-4.html<\/a><\/p>\n<p>Die Ank\u00fcndigung weiterer Neuheiten wird unmittelbar zur Photokina am 20. September erwartet, insbesondere eine offizielle Best\u00e4tigung zu einer neuen <strong>Pentax K-5<\/strong>, die als Nachfolgemodell der K-7 eine Aufl\u00f6sung von 16 Megapixeln, eine Bildfolge von 8 Bildern\/sek sowie weitere Ver\u00e4nderungen bringen soll. Offizielle Best\u00e4tigungen hierzu gibt es bisher nicht und einige Ger\u00fcchte im Internet widersprechen sich noch &#8211; dass es noch eine Kamera-Ank\u00fcndigung gibt, ist aber wohl sicher.<\/p>\n<p><strong>Diskussion zu K-5 und K-r:<\/strong><br \/>\n<a href=\"http:\/\/forum.digitalfotonetz.de\/viewtopic.php?t=79863\" target=\"_blank\">http:\/\/forum.digitalfotonetz.de\/viewtopic.php?t=79863<\/a><\/p>\n","protected":false},"excerpt":{"rendered":"<p>Klar ist seit wenigen Tagen, dass es von Pentax zur Photokina im DSLR-Segment eine neue K-r sowie ein smc-DA 2.4\/35 AL geben wird. Im Kompaktkamera-Segment kommen Optio RZ 10 und Optio RS 1000 hinzu. Die K-r soll oberhalb des Einsteigerbereichs die L\u00fccke zur K-7 schlie\u00dfen und wurde mit einem 12,4 Zoll CMOS-Sensor augestattet. Gegen\u00fcber der &hellip; <a href=\"http:\/\/www.foto.lamker.de\/?p=232\" class=\"more-link\"><span class=\"screen-reader-text\">Was bringt die Photokina?<\/span> weiterlesen <span class=\"meta-nav\">&rarr;<\/span><\/a><\/p>\n","protected":false},"author":1,"featured_media":0,"comment_status":"open","ping_status":"open","sticky":false,"template":"","format":"standard","meta":{"footnotes":""},"categories":[13],"tags":[12,56],"class_list":["post-232","post","type-post","status-publish","format-standard","hentry","category-pentax-news","tag-dslr","tag-pentax"],"_links":{"self":[{"href":"http:\/\/www.foto.lamker.de\/index.php?rest_route=\/wp\/v2\/posts\/232","targetHints":{"allow":["GET"]}}],"collection":[{"href":"http:\/\/www.foto.lamker.de\/index.php?rest_route=\/wp\/v2\/posts"}],"about":[{"href":"http:\/\/www.foto.lamker.de\/index.php?rest_route=\/wp\/v2\/types\/post"}],"author":[{"embeddable":true,"href":"http:\/\/www.foto.lamker.de\/index.php?rest_route=\/wp\/v2\/users\/1"}],"replies":[{"embeddable":true,"href":"http:\/\/www.foto.lamker.de\/index.php?rest_route=%2Fwp%2Fv2%2Fcomments&post=232"}],"version-history":[{"count":5,"href":"http:\/\/www.foto.lamker.de\/index.php?rest_route=\/wp\/v2\/posts\/232\/revisions"}],"predecessor-version":[{"id":238,"href":"http:\/\/www.foto.lamker.de\/index.php?rest_route=\/wp\/v2\/posts\/232\/revisions\/238"}],"wp:attachment":[{"href":"http:\/\/www.foto.lamker.de\/index.php?rest_route=%2Fwp%2Fv2%2Fmedia&parent=232"}],"wp:term":[{"taxonomy":"category","embeddable":true,"href":"http:\/\/www.foto.lamker.de\/index.php?rest_route=%2Fwp%2Fv2%2Fcategories&post=232"},{"taxonomy":"post_tag","embeddable":true,"href":"http:\/\/www.foto.lamker.de\/index.php?rest_route=%2Fwp%2Fv2%2Ftags&post=232"}],"curies":[{"name":"wp","href":"https:\/\/api.w.org\/{rel}","templated":true}]}}