{"id":286,"date":"2010-12-05T17:15:08","date_gmt":"2010-12-05T15:15:08","guid":{"rendered":"http:\/\/www.foto.lamker.de\/?p=286"},"modified":"2010-12-05T17:16:28","modified_gmt":"2010-12-05T15:16:28","slug":"nrw-top-50","status":"publish","type":"post","link":"http:\/\/www.foto.lamker.de\/?p=286","title":{"rendered":"NRW Top 50"},"content":{"rendered":"<p>Der Radiosender WDR2, genauer gesagt dessen H\u00f6rerinnen und H\u00f6rer, haben eine Liste geschaffen mit &#8222;50 Dingen, die ein Nordrhein-Westfale in seinem Leben getan haben muss&#8220;. Auf Platz ist eine Grubenfahrt in einem Bergwerk gelandet &#8211; ein Erlebnis, das leider nur noch wenige Jahre \u00fcberhaupt m\u00f6glich sein wird. Nat\u00fcrlich geh\u00f6rt auch auf die Liste (Platz 10), dass jeder nachsehen muss, ob es Bielefeld tats\u00e4chlich gibt (vgl. <a href=\"http:\/\/de.wikipedia.org\/wiki\/Bielefeldverschw%C3%B6rung\" target=\"_blank\">Bielefeld-Verschw\u00f6rung<\/a>). Auf der A40 spazieren gehen (Platz 14) war als RUHR.2010-Aktion in diesem Jahr kein Problem, ist im normalen Alltag aber schwieriger &#8211; ganz im Gegensatz zu Platz 15: Auf der A40 im Stau stehen. Au\u00dferdem sollte jeder einen Freund\u00a0aus einem\u00a0der anderen Landesteile haben (Platz 35).\u00a0Eine besondere Herausforderung wird auf Platz 40 gestellt: Einen Eifelbauern zum Lachen bringen.<\/p>\n<figure id=\"attachment_287\" aria-describedby=\"caption-attachment-287\" style=\"width: 500px\" class=\"wp-caption aligncenter\"><a rel=\"attachment wp-att-287\" href=\"http:\/\/www.foto.lamker.de\/?attachment_id=287\"><img loading=\"lazy\" decoding=\"async\" class=\"size-medium wp-image-287\" title=\"Weihnachtsmarkt in Soest\" src=\"http:\/\/www.foto.lamker.de\/wp-content\/uploads\/2010\/12\/IMGP1527_PENTAX-K-7_2009-500x332.jpg\" alt=\"\" width=\"500\" height=\"332\" srcset=\"http:\/\/www.foto.lamker.de\/wp-content\/uploads\/2010\/12\/IMGP1527_PENTAX-K-7_2009-500x332.jpg 500w, http:\/\/www.foto.lamker.de\/wp-content\/uploads\/2010\/12\/IMGP1527_PENTAX-K-7_2009-150x100.jpg 150w, http:\/\/www.foto.lamker.de\/wp-content\/uploads\/2010\/12\/IMGP1527_PENTAX-K-7_2009-1024x680.jpg 1024w, http:\/\/www.foto.lamker.de\/wp-content\/uploads\/2010\/12\/IMGP1527_PENTAX-K-7_2009.jpg 1100w\" sizes=\"auto, (max-width: 500px) 100vw, 500px\" \/><\/a><figcaption id=\"caption-attachment-287\" class=\"wp-caption-text\">Weihnachtsmarkt in Soest<\/figcaption><\/figure>\n<p>Nat\u00fcrlich gibt es auf der Liste auch viele Tipps f\u00fcr gute Fotoausfl\u00fcge, z.B. auf der Allerheiligenkirmes in Soest (Platz 16), beim Sonnenaufgang auf einer Halde (Platz 20) oder beim Wandern durch den Schnee auf dem Kahlen Asten, dem h\u00f6chsten Berg NRWs (Platz 38).<\/p>\n<p>Grob \u00fcberschlagen habe ich vielleicht etwa 20 Dinge von der langen Liste bereits gemacht &#8211; also liegt noch viel Arbeit vor mir&#8230; \ud83d\ude42<\/p>\n<p>Also: viel Spa\u00df!<\/p>\n<p>Die Liste bei WDR 2:<br \/>\n<a href=\"http:\/\/www.wdr.de\/radio\/wdr2\/sonderdetail\/581181.phtml\">www.wdr.de\/radio\/wdr2\/sonderdetail\/581181.phtml<\/a><\/p>\n","protected":false},"excerpt":{"rendered":"<p>Der Radiosender WDR2, genauer gesagt dessen H\u00f6rerinnen und H\u00f6rer, haben eine Liste geschaffen mit &#8222;50 Dingen, die ein Nordrhein-Westfale in seinem Leben getan haben muss&#8220;. Auf Platz ist eine Grubenfahrt in einem Bergwerk gelandet &#8211; ein Erlebnis, das leider nur noch wenige Jahre \u00fcberhaupt m\u00f6glich sein wird. Nat\u00fcrlich geh\u00f6rt auch auf die Liste (Platz 10), &hellip; <a href=\"http:\/\/www.foto.lamker.de\/?p=286\" class=\"more-link\"><span class=\"screen-reader-text\">NRW Top 50<\/span> weiterlesen <span class=\"meta-nav\">&rarr;<\/span><\/a><\/p>\n","protected":false},"author":1,"featured_media":0,"comment_status":"open","ping_status":"open","sticky":false,"template":"","format":"standard","meta":{"footnotes":""},"categories":[1,28],"tags":[18,22,5],"class_list":["post-286","post","type-post","status-publish","format-standard","hentry","category-allgemein","category-fotos","tag-reise","tag-ruhr-2010","tag-ruhrgebiet"],"_links":{"self":[{"href":"http:\/\/www.foto.lamker.de\/index.php?rest_route=\/wp\/v2\/posts\/286","targetHints":{"allow":["GET"]}}],"collection":[{"href":"http:\/\/www.foto.lamker.de\/index.php?rest_route=\/wp\/v2\/posts"}],"about":[{"href":"http:\/\/www.foto.lamker.de\/index.php?rest_route=\/wp\/v2\/types\/post"}],"author":[{"embeddable":true,"href":"http:\/\/www.foto.lamker.de\/index.php?rest_route=\/wp\/v2\/users\/1"}],"replies":[{"embeddable":true,"href":"http:\/\/www.foto.lamker.de\/index.php?rest_route=%2Fwp%2Fv2%2Fcomments&post=286"}],"version-history":[{"count":5,"href":"http:\/\/www.foto.lamker.de\/index.php?rest_route=\/wp\/v2\/posts\/286\/revisions"}],"predecessor-version":[{"id":292,"href":"http:\/\/www.foto.lamker.de\/index.php?rest_route=\/wp\/v2\/posts\/286\/revisions\/292"}],"wp:attachment":[{"href":"http:\/\/www.foto.lamker.de\/index.php?rest_route=%2Fwp%2Fv2%2Fmedia&parent=286"}],"wp:term":[{"taxonomy":"category","embeddable":true,"href":"http:\/\/www.foto.lamker.de\/index.php?rest_route=%2Fwp%2Fv2%2Fcategories&post=286"},{"taxonomy":"post_tag","embeddable":true,"href":"http:\/\/www.foto.lamker.de\/index.php?rest_route=%2Fwp%2Fv2%2Ftags&post=286"}],"curies":[{"name":"wp","href":"https:\/\/api.w.org\/{rel}","templated":true}]}}