{"id":344,"date":"2011-01-02T21:00:05","date_gmt":"2011-01-02T19:00:05","guid":{"rendered":"http:\/\/www.foto.lamker.de\/?p=344"},"modified":"2011-01-02T21:29:17","modified_gmt":"2011-01-02T19:29:17","slug":"autofokus-der-k-5","status":"publish","type":"post","link":"http:\/\/www.foto.lamker.de\/?p=344","title":{"rendered":"Autofokus der K-5"},"content":{"rendered":"<p>Das neue <strong>Autofokus-System<\/strong> SAFOX IX+ arbeitet mit elf Feldern, wovon neun Kreuzsensoren sind (die K-7 arbeitet mit SAFOX VII+, die aktuelle K-r ebenfalls mit SAFOX IX+). Alle AF-Felder sind auch manuell anw\u00e4hlbar. Die Automatik w\u00e4hlt wahlweise aus allen elf oder nur den f\u00fcnf mittleren Feldern.<\/p>\n<figure id=\"attachment_346\" aria-describedby=\"caption-attachment-346\" style=\"width: 500px\" class=\"wp-caption aligncenter\"><a rel=\"attachment wp-att-346\" href=\"http:\/\/www.foto.lamker.de\/?attachment_id=346\"><img loading=\"lazy\" decoding=\"async\" class=\"size-medium wp-image-346\" title=\"Pentax K-5\" src=\"http:\/\/www.foto.lamker.de\/wp-content\/uploads\/2011\/01\/K-5-Gras-500x332.jpg\" alt=\"\" width=\"500\" height=\"332\" srcset=\"http:\/\/www.foto.lamker.de\/wp-content\/uploads\/2011\/01\/K-5-Gras-500x332.jpg 500w, http:\/\/www.foto.lamker.de\/wp-content\/uploads\/2011\/01\/K-5-Gras-150x100.jpg 150w, http:\/\/www.foto.lamker.de\/wp-content\/uploads\/2011\/01\/K-5-Gras-1024x680.jpg 1024w, http:\/\/www.foto.lamker.de\/wp-content\/uploads\/2011\/01\/K-5-Gras.jpg 1772w\" sizes=\"auto, (max-width: 500px) 100vw, 500px\" \/><\/a><figcaption id=\"caption-attachment-346\" class=\"wp-caption-text\">Pentax K-5 (Quelle: Pentax)<\/figcaption><\/figure>\n<p>Verwendet wird ein relativ starker Motor, der schnell den gesamten Entfernungsbereich durchfahren kann und daf\u00fcr sorgt, dass in den meisten Situationen auch schnell fokussiert wird. Der Autofokus arbeitet mit entsprechenden SDM-Objektiven nahezu ger\u00e4uschlos, bei Objektiven mit mechanischer \u00dcbertragung (z.B. das DA 18-55 WR) aber auch mit ertr\u00e4glicher Lautst\u00e4rke.<\/p>\n<p>Die Geschwindigkeit des <strong>Autofokus<\/strong> verbessert sich kontinuierlich weiter. Gegen\u00fcber der K-7 und fr\u00fcheren Modellen ist insbesondere in schwierigen Lichtsituationen ein deutlicher Geschwindigkeitssprung festzustellen, w\u00e4hrend bei guten Lichtverh\u00e4ltnissen weiterhin schnell und zuverl\u00e4ssig fokussiert wird. Eine sehr gute Unterst\u00fctzung hingegen ist das gr\u00fcne (!) Hilfslicht, das sich bei schlechten Lichtverh\u00e4ltnissen automatisch hinzuschaltet (auch abschaltbar) und das Fokussieren auf kurzen Distanzen sp\u00fcrbar erleichtert &#8211; und das deutlich unauff\u00e4lliger als mit durch den internen Blitz abgegebenen Blitzsalven.<\/p>\n<p>Im <strong>LiveView-Modus<\/strong> kann mittels der AF-Taste \u00fcber den Sensor scharfgestellt werden. Dabei wird der mittlere Bildbereich auf dem Monitor vergr\u00f6\u00dfert gezeigt und Geschwindigkeit sowie Genauigkeit haben deutliche Fortschritte gegen\u00fcber der K-7 gemacht. Sch\u00f6n ist, dass der Autofokuspunkt sehr fein verschiebbar ist und bei AF.C der Autofokuspunkt an einer Stelle des Motivs fixiert bleibt, auch wenn man die Kamera nach links oder rechts schwenkt. Nach wie vor der ist der klassische Autofokus aber sp\u00fcrbar schneller als die Kontrastmessung im LiveView-Modus.<\/p>\n<p>Im Internet wird seit geraumer Zeit \u00fcber <strong>Probleme<\/strong> berichtet, <strong>wenn bei Gl\u00fchlampenlicht fokussiert wird<\/strong>. Ich habe das mit dem DA 18-135 WR auch getestet und bei wenig Gl\u00fchlampenlicht einen gut erkennbaren Frontfokus festgestellt, der auch ohne aufw\u00e4ndigen Testaufbau reproduzierbar ist. Beim DA 18-55 WR funktioniert es besser, aber auch nicht perfekt. Der Autofokus ist generell unter diesen Bedingungen und mit den Kit-Objektiven problematischer im Weitwinkel-Bereich \u2013 was wohl vor allem an der mit F3.5 gr\u00f6\u00dferen maximalen Blenden\u00f6ffnung liegt. Mit sehr starkem Gl\u00fchlampenlicht ist das Problem auf den ersten Blick bei den nicht besonders lichtstarken Kit-Objektiven nicht mehr eindeutig reproduzierbar. Besonders problematisch ist immer eine Kombination aus wenig Licht mit sehr niedriger Farbtemperatur (d.h. reines Gl\u00fchlampenlicht). In verschiedenen Internet-Foren wird bereits intensiv dar\u00fcber diskutiert und es gibt Berichte, wonach an einer Korrektur gearbeitet wird (siehe u.a. <a href=\"http:\/\/forum.digitalfotonetz.de\/viewtopic.php?t=83314\" target=\"_blank\">http:\/\/forum.digitalfotonetz.de\/viewtopic.php?t=83314<\/a> oder <a href=\"http:\/\/www.pentaxforums.com\/forums\/pentax-k-5-forum\/126234-who-cares-bad-auto-focus-under-tungsten-light.html\" target=\"_blank\">www.pentaxforums.com\/forums\/pentax-k-5-forum\/126234-who-cares-bad-auto-focus-under-tungsten-light.html<\/a>). Bei Messung \u00fcber den Sensor im LiveView-Modus taucht das Problem nicht auf. Anhand meines Testexemplars ist es allerdings nicht m\u00f6glich, auf ein generelles Problem zu schlie\u00dfen oder Ursachen genau zu erkennen.<\/p>\n","protected":false},"excerpt":{"rendered":"<p>Erfahrungen mit dem Autofokus-System der Pentax K-5<\/p>\n","protected":false},"author":1,"featured_media":0,"comment_status":"open","ping_status":"open","sticky":false,"template":"","format":"standard","meta":{"footnotes":""},"categories":[10],"tags":[30,12,56,11],"class_list":["post-344","post","type-post","status-publish","format-standard","hentry","category-pentax","tag-autofokus","tag-dslr","tag-pentax","tag-testbericht"],"_links":{"self":[{"href":"http:\/\/www.foto.lamker.de\/index.php?rest_route=\/wp\/v2\/posts\/344","targetHints":{"allow":["GET"]}}],"collection":[{"href":"http:\/\/www.foto.lamker.de\/index.php?rest_route=\/wp\/v2\/posts"}],"about":[{"href":"http:\/\/www.foto.lamker.de\/index.php?rest_route=\/wp\/v2\/types\/post"}],"author":[{"embeddable":true,"href":"http:\/\/www.foto.lamker.de\/index.php?rest_route=\/wp\/v2\/users\/1"}],"replies":[{"embeddable":true,"href":"http:\/\/www.foto.lamker.de\/index.php?rest_route=%2Fwp%2Fv2%2Fcomments&post=344"}],"version-history":[{"count":5,"href":"http:\/\/www.foto.lamker.de\/index.php?rest_route=\/wp\/v2\/posts\/344\/revisions"}],"predecessor-version":[{"id":351,"href":"http:\/\/www.foto.lamker.de\/index.php?rest_route=\/wp\/v2\/posts\/344\/revisions\/351"}],"wp:attachment":[{"href":"http:\/\/www.foto.lamker.de\/index.php?rest_route=%2Fwp%2Fv2%2Fmedia&parent=344"}],"wp:term":[{"taxonomy":"category","embeddable":true,"href":"http:\/\/www.foto.lamker.de\/index.php?rest_route=%2Fwp%2Fv2%2Fcategories&post=344"},{"taxonomy":"post_tag","embeddable":true,"href":"http:\/\/www.foto.lamker.de\/index.php?rest_route=%2Fwp%2Fv2%2Ftags&post=344"}],"curies":[{"name":"wp","href":"https:\/\/api.w.org\/{rel}","templated":true}]}}