{"id":515,"date":"2011-09-20T21:08:33","date_gmt":"2011-09-20T19:08:33","guid":{"rendered":"http:\/\/www.foto.lamker.de\/?p=515"},"modified":"2011-09-20T21:08:33","modified_gmt":"2011-09-20T19:08:33","slug":"dfn-goes-switzerland-2011-nachlese","status":"publish","type":"post","link":"http:\/\/www.foto.lamker.de\/?p=515","title":{"rendered":"DFN goes Switzerland 2011 &#8211; Nachlese"},"content":{"rendered":"<p>Vom 16. bis 19. September 2011 hat sich eine Gruppe engagierter Pentax-Hobbyfotografen im Rahmen der vierten &#8222;DFN goes Switzerland&#8220;-Tour nach 2006, 2007 und 2009 erneut auf den Weg in die Schweiz gemacht. Mit dabei waren ein Zwischenstopp auf der Burg R\u00f6tteln bei L\u00f6rrach, ausf\u00fchrliche Touren in Engelberg sowie Ausfl\u00fcge Richtung Pilatus, Luzern und Vierwaldst\u00e4tter See sowie die R\u00fcckfahrt \u00fcber den Pragelpass.<\/p>\n<p><a href=\"http:\/\/www.foto.lamker.de\/wp-content\/uploads\/2011\/09\/Programm2011.pdf\">DFN goes Switzerland 2011 &#8211; Programm<\/a> (PDF)<\/p>\n<p>Das Highlight der Tour war die &#8222;Goldene Rundfahrt&#8220; \u00fcber den Hausberg Luzerns, den 2.132m hohen Pilatus, auf den die Gruppe per steiler Zahnradbahn gelangt ist. Mit 48% Steigung ist dies nach eigenen Angaben die steilste Zahnradbahn der Welt (!). Ein Teilst\u00fcck auf dem Weg nach Luzern wurde zu Fu\u00df bew\u00e4ltigt, den Abschluss bildetet die R\u00fcckfahrt per Schiff auf dem Vierwaldst\u00e4tter See Richtung Hergiswil und weiter nach Engelberg.<\/p>\n<figure id=\"attachment_517\" aria-describedby=\"caption-attachment-517\" style=\"width: 500px\" class=\"wp-caption aligncenter\"><img loading=\"lazy\" decoding=\"async\" class=\"size-medium wp-image-517\" title=\"Gruppe in der Pilatus-Bahn (by fibbo)\" src=\"http:\/\/www.foto.lamker.de\/wp-content\/uploads\/2011\/09\/Gruppenfoto-fibbo-500x332.jpg\" alt=\"Gruppe in der Pilatus-Bahn (by fibbo)\" width=\"500\" height=\"332\" srcset=\"http:\/\/www.foto.lamker.de\/wp-content\/uploads\/2011\/09\/Gruppenfoto-fibbo-500x332.jpg 500w, http:\/\/www.foto.lamker.de\/wp-content\/uploads\/2011\/09\/Gruppenfoto-fibbo-150x100.jpg 150w, http:\/\/www.foto.lamker.de\/wp-content\/uploads\/2011\/09\/Gruppenfoto-fibbo-1024x680.jpg 1024w, http:\/\/www.foto.lamker.de\/wp-content\/uploads\/2011\/09\/Gruppenfoto-fibbo.jpg 1200w\" sizes=\"auto, (max-width: 500px) 100vw, 500px\" \/><figcaption id=\"caption-attachment-517\" class=\"wp-caption-text\">Gruppe in der Pilatus-Bahn (by fibbo)<\/figcaption><\/figure>\n<p>Der Sonntag wurde durch einen heftigen Wetterumschwung getr\u00fcbt, im wahrsten Sinne des Wortes. Zu Dauerregen gesellten sich tiefe Wolkenfelder, die den Blick auf die umliegenden Gipfel fast ganzt\u00e4tig versperrten. Von der Fahrt hinauf zum Tr\u00fcbsee \/ Titlis hat das niemanden abgehalten, jede Art der Wanderung musste aber ausfallen und nach ein oder zwei Kaffee an der Bergstation ging es wieder hinunter. Immerhin war der Tr\u00fcbsee von dort kurzfristig sogar sichtbar. Am Montag wurde es besser, auf dem Pragelpass standen alle aber pl\u00f6tzlich dann doch im Schneeregen bei knapp \u00fcber 0\u00b0C.<\/p>\n<p>Kulinarisch hat die Schweiz f\u00fcr die meisten umfangreiche Gen\u00fcsse in Form von Wildschwein, Sp\u00e4tzli, R\u00f6sti oder verschiedenen Pizzen bereit gehalten. Nicht fehlen durfte auch der frische Engelberger Bergk\u00e4se aus der Schauk\u00e4serei Kloster Engelberg sowie dem Gesch\u00e4ft der Molkerei Hurschler. F\u00fcr die gute Unterkunft hat das Team des Hotel Belmont mitten in Engelberg gesorgt, von wo der Bahnhof in wenigen Minuten zu Fu\u00df erreichbar war.<\/p>\n<p>[nggallery id=2]<\/p>\n<p>Weitere Fotos der Tour im DigitalFotoNetz-Forum:<br \/>\n<a title=\"DFN goes Switzerland 2011 - Bilder\" href=\"http:\/\/forum.digitalfotonetz.de\/viewtopic.php?t=89404\" target=\"_blank\">http:\/\/forum.digitalfotonetz.de\/viewtopic.php?t=89404<\/a><\/p>\n","protected":false},"excerpt":{"rendered":"<p>Vom 16. bis 19. September 2011 hat sich eine Gruppe engagierter Pentax-Hobbyfotografen im Rahmen der vierten &#8222;DFN goes Switzerland&#8220;-Tour nach 2006, 2007 und 2009 erneut auf den Weg in die Schweiz gemacht. Mit dabei waren ein Zwischenstopp auf der Burg R\u00f6tteln bei L\u00f6rrach, ausf\u00fchrliche Touren in Engelberg sowie Ausfl\u00fcge Richtung Pilatus, Luzern und Vierwaldst\u00e4tter See &hellip; <a href=\"http:\/\/www.foto.lamker.de\/?p=515\" class=\"more-link\"><span class=\"screen-reader-text\">DFN goes Switzerland 2011 &#8211; Nachlese<\/span> weiterlesen <span class=\"meta-nav\">&rarr;<\/span><\/a><\/p>\n","protected":false},"author":1,"featured_media":0,"comment_status":"open","ping_status":"open","sticky":false,"template":"","format":"standard","meta":{"footnotes":""},"categories":[9,20],"tags":[6,18,43,55],"class_list":["post-515","post","type-post","status-publish","format-standard","hentry","category-usertreffen","category-veranstaltung","tag-digitalfotonetz","tag-reise","tag-schweiz","tag-usertreffen"],"_links":{"self":[{"href":"http:\/\/www.foto.lamker.de\/index.php?rest_route=\/wp\/v2\/posts\/515","targetHints":{"allow":["GET"]}}],"collection":[{"href":"http:\/\/www.foto.lamker.de\/index.php?rest_route=\/wp\/v2\/posts"}],"about":[{"href":"http:\/\/www.foto.lamker.de\/index.php?rest_route=\/wp\/v2\/types\/post"}],"author":[{"embeddable":true,"href":"http:\/\/www.foto.lamker.de\/index.php?rest_route=\/wp\/v2\/users\/1"}],"replies":[{"embeddable":true,"href":"http:\/\/www.foto.lamker.de\/index.php?rest_route=%2Fwp%2Fv2%2Fcomments&post=515"}],"version-history":[{"count":3,"href":"http:\/\/www.foto.lamker.de\/index.php?rest_route=\/wp\/v2\/posts\/515\/revisions"}],"predecessor-version":[{"id":520,"href":"http:\/\/www.foto.lamker.de\/index.php?rest_route=\/wp\/v2\/posts\/515\/revisions\/520"}],"wp:attachment":[{"href":"http:\/\/www.foto.lamker.de\/index.php?rest_route=%2Fwp%2Fv2%2Fmedia&parent=515"}],"wp:term":[{"taxonomy":"category","embeddable":true,"href":"http:\/\/www.foto.lamker.de\/index.php?rest_route=%2Fwp%2Fv2%2Fcategories&post=515"},{"taxonomy":"post_tag","embeddable":true,"href":"http:\/\/www.foto.lamker.de\/index.php?rest_route=%2Fwp%2Fv2%2Ftags&post=515"}],"curies":[{"name":"wp","href":"https:\/\/api.w.org\/{rel}","templated":true}]}}