{"id":686,"date":"2011-12-27T22:46:06","date_gmt":"2011-12-27T20:46:06","guid":{"rendered":"http:\/\/www.foto.lamker.de\/?p=686"},"modified":"2011-12-27T22:46:53","modified_gmt":"2011-12-27T20:46:53","slug":"ende-der-q-testaktion","status":"publish","type":"post","link":"http:\/\/www.foto.lamker.de\/?p=686","title":{"rendered":"Ende der Q-Testaktion"},"content":{"rendered":"<p>Nach drei Monaten n\u00e4hert sich die <strong>PENTAX Q-Testaktion<\/strong> nun der Zielgeraden. Am 31.12.2011 endet die Aktion und die letzten Testerinnen und Tester m\u00fcssen ihr Testset wieder abgeben. Insgesamt \u00fcber 40 begeisterte Hobby-Fotografen konnten im Rahmen der Aktion f\u00fcr jeweils knapp eine Woche ein vollst\u00e4ndiges Q-Set mit der Kamera und dem StandardPrime- und dem StandardZoom-Objektiv testen. Unz\u00e4hlige Fotos sind in den letzten Wochen entstanden und viele vorher bestehende Meinungen wurden best\u00e4tigt, korrigiert oder ver\u00e4ndert.<\/p>\n<figure id=\"attachment_689\" aria-describedby=\"caption-attachment-689\" style=\"width: 500px\" class=\"wp-caption aligncenter\"><a href=\"http:\/\/www.foto.lamker.de\/wp-content\/uploads\/2011\/12\/IMGP9442_PENTAX-K-7_2011.jpg\"><img loading=\"lazy\" decoding=\"async\" class=\"size-medium wp-image-689\" title=\"PENTAX Q\" src=\"http:\/\/www.foto.lamker.de\/wp-content\/uploads\/2011\/12\/IMGP9442_PENTAX-K-7_2011-500x332.jpg\" alt=\"PENTAX Q\" width=\"500\" height=\"332\" srcset=\"http:\/\/www.foto.lamker.de\/wp-content\/uploads\/2011\/12\/IMGP9442_PENTAX-K-7_2011-500x332.jpg 500w, http:\/\/www.foto.lamker.de\/wp-content\/uploads\/2011\/12\/IMGP9442_PENTAX-K-7_2011-150x100.jpg 150w, http:\/\/www.foto.lamker.de\/wp-content\/uploads\/2011\/12\/IMGP9442_PENTAX-K-7_2011-1024x680.jpg 1024w, http:\/\/www.foto.lamker.de\/wp-content\/uploads\/2011\/12\/IMGP9442_PENTAX-K-7_2011.jpg 1200w\" sizes=\"auto, (max-width: 500px) 100vw, 500px\" \/><\/a><figcaption id=\"caption-attachment-689\" class=\"wp-caption-text\">PENTAX Q<\/figcaption><\/figure>\n<p>Bis 31. Dezember werden die letzten Testberichte geschrieben und dann Anfang 2012 auf der Q-Mikroseite bei Pentax zur Verf\u00fcgung gestellt. Gleichzeitig werden die Gewinner der Kamerasets ermittelt, deren Fotos der Q ihre Vorz\u00fcge am besten wiedergeben. Auch \u00fcber das Ende der Testaktion hinaus wird die Q sicher weiter ein gro\u00dfes Thema in der Pentax-Gemeinde sein. Und insbesondere wird die Weiterentwicklung und Erg\u00e4nzung des Systems im Fokus der Pentax-Fotografen stehen.<\/p>\n<p><a href=\"http:\/\/q.pentax.de\" target=\"_blank\">Pentax Q-Mikroseite<\/a><\/p>\n<p><a title=\"Testaktion PENTAX Q\" href=\"http:\/\/www.foto.lamker.de\/?page_id=551\" target=\"_blank\">Pentax Q-Testaktion<\/a><\/p>\n<p>Die Resonanz aus dem Kreis der Testerinnen und Tester auf die Q ist positiv, wenngleich nicht uneingeschr\u00e4nkt. Wichtige Kritipunkte zielen insbesondere auf Aspekte der Bildqualit\u00e4t, die (auch) mit dem vergleichsweise kleinen Sensor zusammenh\u00e4ngen, den Preis der Kamera sowie das verf\u00fcgbare Systemzubeh\u00f6r. Zu letzterem geh\u00f6ren vor allem die Objektive. Hier gab es vielf\u00e4ltige W\u00fcnsche f\u00fcr Erg\u00e4nzungen und vor allem auch die Feststellung, dass die fast kompromisslos hochwertige Verarbeitung der Kamera bei den derzeitigen Objektiven nicht erreicht wird. Technische Probleme sind zwar keine aufgetreten, Gebrauchsspuren an den Objektiven und erste &#8222;Lacksch\u00e4den&#8220; passen aber nicht 100%-ig in das positive Gesamtbild.<\/p>\n<p>Joachim (Joarot) hat es auf ein interessantes und treffendes Fazit im Vergleich zu seiner K-5 gebracht: &#8222;<strong>Weniger ist anders<\/strong>&#8222;. Der direkte Vergleich mit einer K-5 entt\u00e4uscht m\u00f6glicherweise. Der unvoreingenommene Blick auf die Q sieht aber anders aus. Gro\u00dfes Lob von vielen Testern hat die Automatik der Kamera erhalten. Vor allem die Belichtungsmessung liefert in den Augen der meisten Tester hervorragende Ergebnisse, die sich mit einer aktuellen Pentax DSLR so nur schwer erreichen lassen. Auch Farbwiedergabe und Kontrast konnten \u00fcberzeugen.<\/p>\n<p>Einherzfuerknipser bringt es stellvertretend auf dieses Fazit: &#8222;<em>Keine Schnappschu\u00dfkamera, aber eine gute Begleitung f\u00fcr Landschaft und site seeing. Belichtungssicherheit, gute Farben und Bildqualit\u00e4t &#8211; Pentax-typisch nicht ganz so scharf in der Grundeinstellung, aber perfekt f\u00fcr normale Abz\u00fcge und zum Nacharbeiten &#8211; und das verpackt in einem wertigen Geh\u00e4use, Test bestanden!<\/em>&#8220;<\/p>\n<p><a href=\"http:\/\/forum.digitalfotonetz.de\/viewforum.php?f=58\" target=\"_blank\">Testberichte im DigitalFotoNetz-Forum<\/a><\/p>\n<p>Bleibt mir an dieser Stelle vor allem, den vielen Testerinnen und Testern f\u00fcr die Teilnahme an der Aktion und das Teilen ihrer Erfahrungen mit allen anderen Interessierten bedanken! Es hat Spa\u00df gemacht, die vielen Berichte zu lesen, die Fotos zu betrachten, und die unterschiedlichen Meinungen wirken zu lassen!<\/p>\n<p>Zu guter letzte w\u00fcnsche ich nat\u00fcrlich alles Gute f\u00fcr das kommende Jahr!<\/p>\n<figure id=\"attachment_688\" aria-describedby=\"caption-attachment-688\" style=\"width: 500px\" class=\"wp-caption aligncenter\"><a href=\"http:\/\/www.foto.lamker.de\/wp-content\/uploads\/2011\/12\/AllesGute2012.jpg\"><img loading=\"lazy\" decoding=\"async\" class=\"size-medium wp-image-688\" title=\"AllesGute2012\" src=\"http:\/\/www.foto.lamker.de\/wp-content\/uploads\/2011\/12\/AllesGute2012-500x333.jpg\" alt=\"\" width=\"500\" height=\"333\" srcset=\"http:\/\/www.foto.lamker.de\/wp-content\/uploads\/2011\/12\/AllesGute2012-500x333.jpg 500w, http:\/\/www.foto.lamker.de\/wp-content\/uploads\/2011\/12\/AllesGute2012-150x100.jpg 150w, http:\/\/www.foto.lamker.de\/wp-content\/uploads\/2011\/12\/AllesGute2012.jpg 1000w\" sizes=\"auto, (max-width: 500px) 100vw, 500px\" \/><\/a><figcaption id=\"caption-attachment-688\" class=\"wp-caption-text\">Alles Gute f\u00fcr 2012<\/figcaption><\/figure>\n<p>Auf ein erfolgreiches, gesundes und fotoreiches neues Jahr!<\/p>\n<p>&nbsp;<\/p>\n","protected":false},"excerpt":{"rendered":"<p>Nach drei Monaten n\u00e4hert sich die PENTAX Q-Testaktion nun der Zielgeraden. Am 31.12.2011 endet die Aktion.<\/p>\n","protected":false},"author":1,"featured_media":0,"comment_status":"open","ping_status":"open","sticky":false,"template":"","format":"standard","meta":{"footnotes":""},"categories":[10],"tags":[6,59,39,56,38,45,24],"class_list":["post-686","post","type-post","status-publish","format-standard","hentry","category-pentax","tag-digitalfotonetz","tag-forum","tag-mirrorless","tag-pentax","tag-q","tag-testaktion","tag-wettbewerb"],"_links":{"self":[{"href":"http:\/\/www.foto.lamker.de\/index.php?rest_route=\/wp\/v2\/posts\/686","targetHints":{"allow":["GET"]}}],"collection":[{"href":"http:\/\/www.foto.lamker.de\/index.php?rest_route=\/wp\/v2\/posts"}],"about":[{"href":"http:\/\/www.foto.lamker.de\/index.php?rest_route=\/wp\/v2\/types\/post"}],"author":[{"embeddable":true,"href":"http:\/\/www.foto.lamker.de\/index.php?rest_route=\/wp\/v2\/users\/1"}],"replies":[{"embeddable":true,"href":"http:\/\/www.foto.lamker.de\/index.php?rest_route=%2Fwp%2Fv2%2Fcomments&post=686"}],"version-history":[{"count":2,"href":"http:\/\/www.foto.lamker.de\/index.php?rest_route=\/wp\/v2\/posts\/686\/revisions"}],"predecessor-version":[{"id":691,"href":"http:\/\/www.foto.lamker.de\/index.php?rest_route=\/wp\/v2\/posts\/686\/revisions\/691"}],"wp:attachment":[{"href":"http:\/\/www.foto.lamker.de\/index.php?rest_route=%2Fwp%2Fv2%2Fmedia&parent=686"}],"wp:term":[{"taxonomy":"category","embeddable":true,"href":"http:\/\/www.foto.lamker.de\/index.php?rest_route=%2Fwp%2Fv2%2Fcategories&post=686"},{"taxonomy":"post_tag","embeddable":true,"href":"http:\/\/www.foto.lamker.de\/index.php?rest_route=%2Fwp%2Fv2%2Ftags&post=686"}],"curies":[{"name":"wp","href":"https:\/\/api.w.org\/{rel}","templated":true}]}}