{"id":94,"date":"2010-04-29T17:18:56","date_gmt":"2010-04-29T15:18:56","guid":{"rendered":"http:\/\/www.foto.lamker.de\/?p=94"},"modified":"2010-04-29T17:19:33","modified_gmt":"2010-04-29T15:19:33","slug":"renexif-touchdirtouch-und-der-auflosungsrechner","status":"publish","type":"post","link":"http:\/\/www.foto.lamker.de\/?p=94","title":{"rendered":"RenExif, Touch\/DirTouch und der Aufl\u00f6sungsrechner"},"content":{"rendered":"<p>Die aus dem DigitalFotoNetz bekannten Software-Programme RenExif, Touch\/DirTouch und der Aufl\u00f6sungsrechner stehen nun in den jeweils letzten lauff\u00e4higen Versionen an neuer Stelle auf der Software-Seite dieses Blogs zum Download zur Verf\u00fcgung. Ich bedanke mich auch an dieser Stelle bei den Programmierern und verweise f\u00fcr Diskussionen gerne in das DigitalFotoNetz-Forum.<\/p>\n<p>&#8211;&gt; <a href=\"http:\/\/www.foto.lamker.de\/?page_id=57\" target=\"_self\">Zur Software-Seite<\/a><\/p>\n<p>&#8211;&gt; <a href=\"http:\/\/www.digitalfotonetz.de\" target=\"_blank\">Zum DigitalFotoNetz-Forum<\/a><\/p>\n","protected":false},"excerpt":{"rendered":"<p>Die aus dem DigitalFotoNetz bekannten Software-Programme RenExif, Touch\/DirTouch und der Aufl\u00f6sungsrechner stehen nun in den jeweils letzten lauff\u00e4higen Versionen an neuer Stelle auf der Software-Seite dieses Blogs zum Download zur Verf\u00fcgung. Ich bedanke mich auch an dieser Stelle bei den Programmierern und verweise f\u00fcr Diskussionen gerne in das DigitalFotoNetz-Forum. &#8211;&gt; Zur Software-Seite &#8211;&gt; Zum DigitalFotoNetz-Forum<\/p>\n","protected":false},"author":1,"featured_media":0,"comment_status":"open","ping_status":"open","sticky":false,"template":"","format":"standard","meta":{"footnotes":""},"categories":[15],"tags":[54,6],"class_list":["post-94","post","type-post","status-publish","format-standard","hentry","category-software","tag-ankundigung","tag-digitalfotonetz"],"_links":{"self":[{"href":"http:\/\/www.foto.lamker.de\/index.php?rest_route=\/wp\/v2\/posts\/94","targetHints":{"allow":["GET"]}}],"collection":[{"href":"http:\/\/www.foto.lamker.de\/index.php?rest_route=\/wp\/v2\/posts"}],"about":[{"href":"http:\/\/www.foto.lamker.de\/index.php?rest_route=\/wp\/v2\/types\/post"}],"author":[{"embeddable":true,"href":"http:\/\/www.foto.lamker.de\/index.php?rest_route=\/wp\/v2\/users\/1"}],"replies":[{"embeddable":true,"href":"http:\/\/www.foto.lamker.de\/index.php?rest_route=%2Fwp%2Fv2%2Fcomments&post=94"}],"version-history":[{"count":2,"href":"http:\/\/www.foto.lamker.de\/index.php?rest_route=\/wp\/v2\/posts\/94\/revisions"}],"predecessor-version":[{"id":96,"href":"http:\/\/www.foto.lamker.de\/index.php?rest_route=\/wp\/v2\/posts\/94\/revisions\/96"}],"wp:attachment":[{"href":"http:\/\/www.foto.lamker.de\/index.php?rest_route=%2Fwp%2Fv2%2Fmedia&parent=94"}],"wp:term":[{"taxonomy":"category","embeddable":true,"href":"http:\/\/www.foto.lamker.de\/index.php?rest_route=%2Fwp%2Fv2%2Fcategories&post=94"},{"taxonomy":"post_tag","embeddable":true,"href":"http:\/\/www.foto.lamker.de\/index.php?rest_route=%2Fwp%2Fv2%2Ftags&post=94"}],"curies":[{"name":"wp","href":"https:\/\/api.w.org\/{rel}","templated":true}]}}